{"id":12015,"date":"2026-08-28T15:44:05","date_gmt":"2026-08-28T15:44:05","guid":{"rendered":"https:\/\/www.enacif.unam.mx\/?p=12015"},"modified":"2026-08-28T15:44:07","modified_gmt":"2026-08-28T15:44:07","slug":"mf-invitada-dra-rosaura-martinez-ruiz-tema-la-ausencia-como-duelo","status":"publish","type":"post","link":"https:\/\/www.enacif.unam.mx\/?p=12015","title":{"rendered":"MF, Invitada: Dra. Rosaura Mart\u00ednez Ruiz, Tema: La ausencia como duelo"},"content":{"rendered":"<p>[et_pb_section fb_built=\u00bb1&#8243; theme_builder_area=\u00bbpost_content\u00bb _builder_version=\u00bb4.27.4&#8243; _module_preset=\u00bbdefault\u00bb][et_pb_row _builder_version=\u00bb4.27.4&#8243; _module_preset=\u00bbdefault\u00bb theme_builder_area=\u00bbpost_content\u00bb][et_pb_column _builder_version=\u00bb4.27.4&#8243; _module_preset=\u00bbdefault\u00bb type=\u00bb4_4&#8243; theme_builder_area=\u00bbpost_content\u00bb][et_pb_video _builder_version=\u00bb4.27.4&#8243; _module_preset=\u00bbdefault\u00bb theme_builder_area=\u00bbpost_content\u00bb src=\u00bbhttps:\/\/youtu.be\/bLyfMlH04Ys\u00bb hover_enabled=\u00bb0&#8243; sticky_enabled=\u00bb0&#8243;][\/et_pb_video][\/et_pb_column][\/et_pb_row][\/et_pb_section]<\/p>\n","protected":false},"excerpt":{"rendered":"","protected":false},"author":11,"featured_media":0,"comment_status":"closed","ping_status":"open","sticky":false,"template":"","format":"standard","meta":{"_et_pb_use_builder":"on","_et_pb_old_content":"","_et_gb_content_width":"","_monsterinsights_skip_tracking":false,"footnotes":""},"categories":[18],"tags":[],"class_list":["post-12015","post","type-post","status-publish","format-standard","hentry","category-mundo-forense"],"aioseo_notices":[],"aioseo_head":"\n\t\t<!-- All in One SEO 4.9.8 - aioseo.com -->\n\t<meta name=\"robots\" content=\"max-image-preview:large\" \/>\n\t<meta name=\"author\" content=\"Pablo G\u00f3nzalez Blando\"\/>\n\t<link rel=\"canonical\" href=\"https:\/\/www.enacif.unam.mx\/?p=12015\" \/>\n\t<meta name=\"generator\" content=\"All in One SEO (AIOSEO) 4.9.8\" \/>\n\t\t<meta property=\"og:locale\" content=\"es_ES\" \/>\n\t\t<meta property=\"og:site_name\" content=\"Escuela Nacional de Ciencias Forenses - Universidad Nacional Aut\u00f3noma de M\u00e9xico\" \/>\n\t\t<meta property=\"og:type\" content=\"article\" \/>\n\t\t<meta property=\"og:title\" content=\"MF, Invitada: Dra. Rosaura Mart\u00ednez Ruiz, Tema: La ausencia como duelo - Escuela Nacional de Ciencias Forenses\" \/>\n\t\t<meta property=\"og:url\" content=\"https:\/\/www.enacif.unam.mx\/?p=12015\" \/>\n\t\t<meta property=\"article:published_time\" content=\"2026-08-28T15:44:05+00:00\" \/>\n\t\t<meta property=\"article:modified_time\" content=\"2026-08-28T15:44:07+00:00\" \/>\n\t\t<meta name=\"twitter:card\" content=\"summary_large_image\" \/>\n\t\t<meta name=\"twitter:title\" content=\"MF, Invitada: Dra. Rosaura Mart\u00ednez Ruiz, Tema: La ausencia como duelo - Escuela Nacional de Ciencias Forenses\" \/>\n\t\t<script type=\"application\/ld+json\" class=\"aioseo-schema\">\n\t\t\t{\"@context\":\"https:\\\/\\\/schema.org\",\"@graph\":[{\"@type\":\"BlogPosting\",\"@id\":\"https:\\\/\\\/www.enacif.unam.mx\\\/?p=12015#blogposting\",\"name\":\"MF, Invitada: Dra. Rosaura Mart\\u00ednez Ruiz, Tema: La ausencia como duelo - Escuela Nacional de Ciencias Forenses\",\"headline\":\"MF, Invitada: Dra. Rosaura Mart\\u00ednez Ruiz, Tema: La ausencia como duelo\",\"author\":{\"@id\":\"https:\\\/\\\/www.enacif.unam.mx\\\/?author=11#author\"},\"publisher\":{\"@id\":\"https:\\\/\\\/www.enacif.unam.mx\\\/#organization\"},\"datePublished\":\"2026-08-28T15:44:05+00:00\",\"dateModified\":\"2026-08-28T15:44:07+00:00\",\"inLanguage\":\"es-ES\",\"mainEntityOfPage\":{\"@id\":\"https:\\\/\\\/www.enacif.unam.mx\\\/?p=12015#webpage\"},\"isPartOf\":{\"@id\":\"https:\\\/\\\/www.enacif.unam.mx\\\/?p=12015#webpage\"},\"articleSection\":\"Mundo Forense\"},{\"@type\":\"BreadcrumbList\",\"@id\":\"https:\\\/\\\/www.enacif.unam.mx\\\/?p=12015#breadcrumblist\",\"itemListElement\":[{\"@type\":\"ListItem\",\"@id\":\"https:\\\/\\\/www.enacif.unam.mx#listItem\",\"position\":1,\"name\":\"Home\",\"item\":\"https:\\\/\\\/www.enacif.unam.mx\",\"nextItem\":{\"@type\":\"ListItem\",\"@id\":\"https:\\\/\\\/www.enacif.unam.mx\\\/?cat=18#listItem\",\"name\":\"Mundo Forense\"}},{\"@type\":\"ListItem\",\"@id\":\"https:\\\/\\\/www.enacif.unam.mx\\\/?cat=18#listItem\",\"position\":2,\"name\":\"Mundo Forense\",\"item\":\"https:\\\/\\\/www.enacif.unam.mx\\\/?cat=18\",\"nextItem\":{\"@type\":\"ListItem\",\"@id\":\"https:\\\/\\\/www.enacif.unam.mx\\\/?p=12015#listItem\",\"name\":\"MF, Invitada: Dra. Rosaura Mart\\u00ednez Ruiz, Tema: La ausencia como duelo\"},\"previousItem\":{\"@type\":\"ListItem\",\"@id\":\"https:\\\/\\\/www.enacif.unam.mx#listItem\",\"name\":\"Home\"}},{\"@type\":\"ListItem\",\"@id\":\"https:\\\/\\\/www.enacif.unam.mx\\\/?p=12015#listItem\",\"position\":3,\"name\":\"MF, Invitada: Dra. Rosaura Mart\\u00ednez Ruiz, Tema: La ausencia como duelo\",\"previousItem\":{\"@type\":\"ListItem\",\"@id\":\"https:\\\/\\\/www.enacif.unam.mx\\\/?cat=18#listItem\",\"name\":\"Mundo Forense\"}}]},{\"@type\":\"Organization\",\"@id\":\"https:\\\/\\\/www.enacif.unam.mx\\\/#organization\",\"name\":\"Escuela Nacional de Ciencias Forenses\",\"description\":\"Universidad Nacional Aut\\u00f3noma de M\\u00e9xico\",\"url\":\"https:\\\/\\\/www.enacif.unam.mx\\\/\"},{\"@type\":\"Person\",\"@id\":\"https:\\\/\\\/www.enacif.unam.mx\\\/?author=11#author\",\"url\":\"https:\\\/\\\/www.enacif.unam.mx\\\/?author=11\",\"name\":\"Pablo G\\u00f3nzalez Blando\",\"image\":{\"@type\":\"ImageObject\",\"@id\":\"https:\\\/\\\/www.enacif.unam.mx\\\/?p=12015#authorImage\",\"url\":\"https:\\\/\\\/secure.gravatar.com\\\/avatar\\\/dda37ff24358960656466c1066e183536e3e7a1006e5fcc6d29764b9633c095c?s=96&d=mm&r=g\",\"width\":96,\"height\":96,\"caption\":\"Pablo G\\u00f3nzalez Blando\"}},{\"@type\":\"WebPage\",\"@id\":\"https:\\\/\\\/www.enacif.unam.mx\\\/?p=12015#webpage\",\"url\":\"https:\\\/\\\/www.enacif.unam.mx\\\/?p=12015\",\"name\":\"MF, Invitada: Dra. Rosaura Mart\\u00ednez Ruiz, Tema: La ausencia como duelo - Escuela Nacional de Ciencias Forenses\",\"inLanguage\":\"es-ES\",\"isPartOf\":{\"@id\":\"https:\\\/\\\/www.enacif.unam.mx\\\/#website\"},\"breadcrumb\":{\"@id\":\"https:\\\/\\\/www.enacif.unam.mx\\\/?p=12015#breadcrumblist\"},\"author\":{\"@id\":\"https:\\\/\\\/www.enacif.unam.mx\\\/?author=11#author\"},\"creator\":{\"@id\":\"https:\\\/\\\/www.enacif.unam.mx\\\/?author=11#author\"},\"datePublished\":\"2026-08-28T15:44:05+00:00\",\"dateModified\":\"2026-08-28T15:44:07+00:00\"},{\"@type\":\"WebSite\",\"@id\":\"https:\\\/\\\/www.enacif.unam.mx\\\/#website\",\"url\":\"https:\\\/\\\/www.enacif.unam.mx\\\/\",\"name\":\"Escuela Nacional de Ciencias Forenses\",\"description\":\"Universidad Nacional Aut\\u00f3noma de M\\u00e9xico\",\"inLanguage\":\"es-ES\",\"publisher\":{\"@id\":\"https:\\\/\\\/www.enacif.unam.mx\\\/#organization\"}}]}\n\t\t<\/script>\n\t\t<!-- All in One SEO -->\n\n","aioseo_head_json":{"title":"MF, Invitada: Dra. Rosaura Mart\u00ednez Ruiz, Tema: La ausencia como duelo - Escuela Nacional de Ciencias Forenses","description":"","canonical_url":"https:\/\/www.enacif.unam.mx\/?p=12015","robots":"max-image-preview:large","keywords":"","webmasterTools":{"miscellaneous":""},"schema":{"@context":"https:\/\/schema.org","@graph":[{"@type":"BlogPosting","@id":"https:\/\/www.enacif.unam.mx\/?p=12015#blogposting","name":"MF, Invitada: Dra. Rosaura Mart\u00ednez Ruiz, Tema: La ausencia como duelo - Escuela Nacional de Ciencias Forenses","headline":"MF, Invitada: Dra. Rosaura Mart\u00ednez Ruiz, Tema: La ausencia como duelo","author":{"@id":"https:\/\/www.enacif.unam.mx\/?author=11#author"},"publisher":{"@id":"https:\/\/www.enacif.unam.mx\/#organization"},"datePublished":"2026-08-28T15:44:05+00:00","dateModified":"2026-08-28T15:44:07+00:00","inLanguage":"es-ES","mainEntityOfPage":{"@id":"https:\/\/www.enacif.unam.mx\/?p=12015#webpage"},"isPartOf":{"@id":"https:\/\/www.enacif.unam.mx\/?p=12015#webpage"},"articleSection":"Mundo Forense"},{"@type":"BreadcrumbList","@id":"https:\/\/www.enacif.unam.mx\/?p=12015#breadcrumblist","itemListElement":[{"@type":"ListItem","@id":"https:\/\/www.enacif.unam.mx#listItem","position":1,"name":"Home","item":"https:\/\/www.enacif.unam.mx","nextItem":{"@type":"ListItem","@id":"https:\/\/www.enacif.unam.mx\/?cat=18#listItem","name":"Mundo Forense"}},{"@type":"ListItem","@id":"https:\/\/www.enacif.unam.mx\/?cat=18#listItem","position":2,"name":"Mundo Forense","item":"https:\/\/www.enacif.unam.mx\/?cat=18","nextItem":{"@type":"ListItem","@id":"https:\/\/www.enacif.unam.mx\/?p=12015#listItem","name":"MF, Invitada: Dra. Rosaura Mart\u00ednez Ruiz, Tema: La ausencia como duelo"},"previousItem":{"@type":"ListItem","@id":"https:\/\/www.enacif.unam.mx#listItem","name":"Home"}},{"@type":"ListItem","@id":"https:\/\/www.enacif.unam.mx\/?p=12015#listItem","position":3,"name":"MF, Invitada: Dra. Rosaura Mart\u00ednez Ruiz, Tema: La ausencia como duelo","previousItem":{"@type":"ListItem","@id":"https:\/\/www.enacif.unam.mx\/?cat=18#listItem","name":"Mundo Forense"}}]},{"@type":"Organization","@id":"https:\/\/www.enacif.unam.mx\/#organization","name":"Escuela Nacional de Ciencias Forenses","description":"Universidad Nacional Aut\u00f3noma de M\u00e9xico","url":"https:\/\/www.enacif.unam.mx\/"},{"@type":"Person","@id":"https:\/\/www.enacif.unam.mx\/?author=11#author","url":"https:\/\/www.enacif.unam.mx\/?author=11","name":"Pablo G\u00f3nzalez Blando","image":{"@type":"ImageObject","@id":"https:\/\/www.enacif.unam.mx\/?p=12015#authorImage","url":"https:\/\/secure.gravatar.com\/avatar\/dda37ff24358960656466c1066e183536e3e7a1006e5fcc6d29764b9633c095c?s=96&d=mm&r=g","width":96,"height":96,"caption":"Pablo G\u00f3nzalez Blando"}},{"@type":"WebPage","@id":"https:\/\/www.enacif.unam.mx\/?p=12015#webpage","url":"https:\/\/www.enacif.unam.mx\/?p=12015","name":"MF, Invitada: Dra. Rosaura Mart\u00ednez Ruiz, Tema: La ausencia como duelo - Escuela Nacional de Ciencias Forenses","inLanguage":"es-ES","isPartOf":{"@id":"https:\/\/www.enacif.unam.mx\/#website"},"breadcrumb":{"@id":"https:\/\/www.enacif.unam.mx\/?p=12015#breadcrumblist"},"author":{"@id":"https:\/\/www.enacif.unam.mx\/?author=11#author"},"creator":{"@id":"https:\/\/www.enacif.unam.mx\/?author=11#author"},"datePublished":"2026-08-28T15:44:05+00:00","dateModified":"2026-08-28T15:44:07+00:00"},{"@type":"WebSite","@id":"https:\/\/www.enacif.unam.mx\/#website","url":"https:\/\/www.enacif.unam.mx\/","name":"Escuela Nacional de Ciencias Forenses","description":"Universidad Nacional Aut\u00f3noma de M\u00e9xico","inLanguage":"es-ES","publisher":{"@id":"https:\/\/www.enacif.unam.mx\/#organization"}}]},"og:locale":"es_ES","og:site_name":"Escuela Nacional de Ciencias Forenses - Universidad Nacional Aut\u00f3noma de M\u00e9xico","og:type":"article","og:title":"MF, Invitada: Dra. Rosaura Mart\u00ednez Ruiz, Tema: La ausencia como duelo - Escuela Nacional de Ciencias Forenses","og:url":"https:\/\/www.enacif.unam.mx\/?p=12015","article:published_time":"2026-08-28T15:44:05+00:00","article:modified_time":"2026-08-28T15:44:07+00:00","twitter:card":"summary_large_image","twitter:title":"MF, Invitada: Dra. Rosaura Mart\u00ednez Ruiz, Tema: La ausencia como duelo - Escuela Nacional de Ciencias Forenses"},"aioseo_meta_data":{"post_id":"12015","title":null,"description":null,"keywords":null,"keyphrases":{"focus":{"keyphrase":"","score":0,"analysis":{"keyphraseInTitle":{"score":0,"maxScore":9,"error":1}}},"additional":[]},"primary_term":null,"canonical_url":null,"og_title":null,"og_description":null,"og_object_type":"default","og_image_type":"default","og_image_url":null,"og_image_width":null,"og_image_height":null,"og_image_custom_url":null,"og_image_custom_fields":null,"og_video":"","og_custom_url":null,"og_article_section":null,"og_article_tags":null,"twitter_use_og":false,"twitter_card":"default","twitter_image_type":"default","twitter_image_url":null,"twitter_image_custom_url":null,"twitter_image_custom_fields":null,"twitter_title":null,"twitter_description":null,"schema":{"blockGraphs":[],"customGraphs":[],"default":{"data":{"Article":[],"Course":[],"Dataset":[],"FAQPage":[],"Movie":[],"Person":[],"Product":[],"ProductReview":[],"Car":[],"Recipe":[],"Service":[],"SoftwareApplication":[],"WebPage":[]},"graphName":"BlogPosting","isEnabled":true},"graphs":[]},"schema_type":"default","schema_type_options":null,"pillar_content":false,"robots_default":true,"robots_noindex":false,"robots_noarchive":false,"robots_nosnippet":false,"robots_nofollow":false,"robots_noimageindex":false,"robots_noodp":false,"robots_notranslate":false,"robots_max_snippet":"-1","robots_max_videopreview":"-1","robots_max_imagepreview":"large","priority":null,"frequency":"default","local_seo":null,"breadcrumb_settings":null,"limit_modified_date":false,"ai":{"faqs":[],"keyPoints":[],"schemas":[],"titles":[],"descriptions":[],"socialPosts":{"email":[],"linkedin":[],"twitter":[],"facebook":[],"instagram":[]}},"created":"2026-08-28 15:42:41","updated":"2026-08-28 17:50:00","seo_analyzer_scan_date":null},"aioseo_breadcrumb":"<div class=\"aioseo-breadcrumbs\"><span class=\"aioseo-breadcrumb\">\n\t\t\t<a href=\"https:\/\/www.enacif.unam.mx\" title=\"Home\">Home<\/a>\n\t\t<\/span><span class=\"aioseo-breadcrumb-separator\">&raquo;<\/span><span class=\"aioseo-breadcrumb\">\n\t\t\t<a href=\"https:\/\/www.enacif.unam.mx\/?cat=18\" title=\"Mundo Forense\">Mundo Forense<\/a>\n\t\t<\/span><span class=\"aioseo-breadcrumb-separator\">&raquo;<\/span><span class=\"aioseo-breadcrumb\">\n\t\t\tMF, Invitada: Dra. Rosaura Mart\u00ednez Ruiz, Tema: La ausencia como duelo\n\t\t<\/span><\/div>","aioseo_breadcrumb_json":[{"label":"Home","link":"https:\/\/www.enacif.unam.mx"},{"label":"Mundo Forense","link":"https:\/\/www.enacif.unam.mx\/?cat=18"},{"label":"MF, Invitada: Dra. Rosaura Mart\u00ednez Ruiz, Tema: La ausencia como duelo","link":"https:\/\/www.enacif.unam.mx\/?p=12015"}],"_links":{"self":[{"href":"https:\/\/www.enacif.unam.mx\/index.php?rest_route=\/wp\/v2\/posts\/12015","targetHints":{"allow":["GET"]}}],"collection":[{"href":"https:\/\/www.enacif.unam.mx\/index.php?rest_route=\/wp\/v2\/posts"}],"about":[{"href":"https:\/\/www.enacif.unam.mx\/index.php?rest_route=\/wp\/v2\/types\/post"}],"author":[{"embeddable":true,"href":"https:\/\/www.enacif.unam.mx\/index.php?rest_route=\/wp\/v2\/users\/11"}],"replies":[{"embeddable":true,"href":"https:\/\/www.enacif.unam.mx\/index.php?rest_route=%2Fwp%2Fv2%2Fcomments&post=12015"}],"version-history":[{"count":2,"href":"https:\/\/www.enacif.unam.mx\/index.php?rest_route=\/wp\/v2\/posts\/12015\/revisions"}],"predecessor-version":[{"id":12018,"href":"https:\/\/www.enacif.unam.mx\/index.php?rest_route=\/wp\/v2\/posts\/12015\/revisions\/12018"}],"wp:attachment":[{"href":"https:\/\/www.enacif.unam.mx\/index.php?rest_route=%2Fwp%2Fv2%2Fmedia&parent=12015"}],"wp:term":[{"taxonomy":"category","embeddable":true,"href":"https:\/\/www.enacif.unam.mx\/index.php?rest_route=%2Fwp%2Fv2%2Fcategories&post=12015"},{"taxonomy":"post_tag","embeddable":true,"href":"https:\/\/www.enacif.unam.mx\/index.php?rest_route=%2Fwp%2Fv2%2Ftags&post=12015"}],"curies":[{"name":"wp","href":"https:\/\/api.w.org\/{rel}","templated":true}]}}