{"id":178,"date":"2014-11-21T05:50:58","date_gmt":"2014-11-21T05:50:58","guid":{"rendered":"http:\/\/www.cienciaforense.facmed.unam.mx\/wordpress\/?p=178"},"modified":"2015-02-18T03:51:59","modified_gmt":"2015-02-18T03:51:59","slug":"mesa-redonda-limites-y-alcances-de-la-ciencia-forense-en-el-caso-ayotzinapa","status":"publish","type":"post","link":"https:\/\/www.enacif.unam.mx\/?p=178","title":{"rendered":"Mesa redonda \u201cL\u00edmites y Alcances de la Ciencia Forense en el caso Ayotzinapa\u201d"},"content":{"rendered":"<p style=\"text-align: justify;\"><a href=\"http:\/\/www.cienciaforense.facmed.unam.mx\/wp-content\/uploads\/2015\/02\/mesa_redonda_ayotzinapa.jpg\"><img loading=\"lazy\" decoding=\"async\" class=\" size-medium wp-image-179 alignleft\" src=\"http:\/\/www.cienciaforense.facmed.unam.mx\/wp-content\/uploads\/2015\/02\/mesa_redonda_ayotzinapa-300x225.jpg\" alt=\"mesa_redonda_ayotzinapa\" width=\"300\" height=\"225\" srcset=\"https:\/\/www.enacif.unam.mx\/wp-content\/uploads\/2015\/02\/mesa_redonda_ayotzinapa-300x225.jpg 300w, https:\/\/www.enacif.unam.mx\/wp-content\/uploads\/2015\/02\/mesa_redonda_ayotzinapa.jpg 852w\" sizes=\"(max-width: 300px) 100vw, 300px\" \/><\/a>El pasado viernes 21 de noviembre a las 12:00 horas se llev\u00f3 a cabo una mesa redonda en la que personal acad\u00e9mico de la Licenciatura discuti\u00f3 los l\u00edmites y alcances de diferentes ciencias forenses en los hechos ocurridos en el caso Ayotzinapa. El objetivo de esta mesa redonda fue realizar una actividad did\u00e1ctica conocida como ABP (Aprendizaje Basado en Proyectos) que consisti\u00f3 en abordar algunos hechos de la narraci\u00f3n testimonial sobre la desaparici\u00f3n de los estudiantes, as\u00ed como su relaci\u00f3n con el conocimiento existente en distintas disciplina tales como: antropolog\u00eda social, qu\u00edmica forense, antropolog\u00eda forense, odontolog\u00eda forense y gen\u00e9tica forense.<\/p>\n","protected":false},"excerpt":{"rendered":"<p>El pasado viernes 21 de noviembre a las 12:00 horas se llev\u00f3 a cabo una mesa redonda en la que personal acad\u00e9mico de la Licenciatura discuti\u00f3 los l\u00edmites y alcances de diferentes ciencias forenses en los hechos ocurridos en el caso Ayotzinapa. El objetivo de esta mesa redonda fue realizar una actividad did\u00e1ctica conocida como [&hellip;]<\/p>\n","protected":false},"author":2,"featured_media":0,"comment_status":"open","ping_status":"open","sticky":false,"template":"","format":"standard","meta":{"_et_pb_use_builder":"","_et_pb_old_content":"","_et_gb_content_width":"","_monsterinsights_skip_tracking":false,"footnotes":""},"categories":[1],"tags":[7],"class_list":["post-178","post","type-post","status-publish","format-standard","hentry","category-sin-categoria","tag-eventos"],"aioseo_notices":[],"aioseo_head":"\n\t\t<!-- All in One SEO 4.9.8 - aioseo.com -->\n\t<meta name=\"description\" content=\"El pasado viernes 21 de noviembre a las 12:00 horas se llev\u00f3 a cabo una mesa redonda en la que personal acad\u00e9mico de la Licenciatura discuti\u00f3 los l\u00edmites y alcances de diferentes ciencias forenses en los hechos ocurridos en el caso Ayotzinapa. El objetivo de esta mesa redonda fue realizar una actividad did\u00e1ctica conocida como\" \/>\n\t<meta name=\"robots\" content=\"max-image-preview:large\" \/>\n\t<meta name=\"author\" content=\"LCF\"\/>\n\t<link rel=\"canonical\" href=\"https:\/\/www.enacif.unam.mx\/?p=178\" \/>\n\t<meta name=\"generator\" content=\"All in One SEO (AIOSEO) 4.9.8\" \/>\n\t\t<meta property=\"og:locale\" content=\"es_ES\" \/>\n\t\t<meta property=\"og:site_name\" content=\"Escuela Nacional de Ciencias Forenses - Universidad Nacional Aut\u00f3noma de M\u00e9xico\" \/>\n\t\t<meta property=\"og:type\" content=\"article\" \/>\n\t\t<meta property=\"og:title\" content=\"Mesa redonda \u201cL\u00edmites y Alcances de la Ciencia Forense en el caso Ayotzinapa\u201d - Escuela Nacional de Ciencias Forenses\" \/>\n\t\t<meta property=\"og:description\" content=\"El pasado viernes 21 de noviembre a las 12:00 horas se llev\u00f3 a cabo una mesa redonda en la que personal acad\u00e9mico de la Licenciatura discuti\u00f3 los l\u00edmites y alcances de diferentes ciencias forenses en los hechos ocurridos en el caso Ayotzinapa. El objetivo de esta mesa redonda fue realizar una actividad did\u00e1ctica conocida como\" \/>\n\t\t<meta property=\"og:url\" content=\"https:\/\/www.enacif.unam.mx\/?p=178\" \/>\n\t\t<meta property=\"article:published_time\" content=\"2014-11-21T05:50:58+00:00\" \/>\n\t\t<meta property=\"article:modified_time\" content=\"2015-02-18T03:51:59+00:00\" \/>\n\t\t<meta name=\"twitter:card\" content=\"summary_large_image\" \/>\n\t\t<meta name=\"twitter:title\" content=\"Mesa redonda \u201cL\u00edmites y Alcances de la Ciencia Forense en el caso Ayotzinapa\u201d - Escuela Nacional de Ciencias Forenses\" \/>\n\t\t<meta name=\"twitter:description\" content=\"El pasado viernes 21 de noviembre a las 12:00 horas se llev\u00f3 a cabo una mesa redonda en la que personal acad\u00e9mico de la Licenciatura discuti\u00f3 los l\u00edmites y alcances de diferentes ciencias forenses en los hechos ocurridos en el caso Ayotzinapa. El objetivo de esta mesa redonda fue realizar una actividad did\u00e1ctica conocida como\" \/>\n\t\t<script type=\"application\/ld+json\" class=\"aioseo-schema\">\n\t\t\t{\"@context\":\"https:\\\/\\\/schema.org\",\"@graph\":[{\"@type\":\"BlogPosting\",\"@id\":\"https:\\\/\\\/www.enacif.unam.mx\\\/?p=178#blogposting\",\"name\":\"Mesa redonda \\u201cL\\u00edmites y Alcances de la Ciencia Forense en el caso Ayotzinapa\\u201d - Escuela Nacional de Ciencias Forenses\",\"headline\":\"Mesa redonda \\u201cL\\u00edmites y Alcances de la Ciencia Forense en el caso Ayotzinapa\\u201d\",\"author\":{\"@id\":\"https:\\\/\\\/www.enacif.unam.mx\\\/?author=2#author\"},\"publisher\":{\"@id\":\"https:\\\/\\\/www.enacif.unam.mx\\\/#organization\"},\"image\":{\"@type\":\"ImageObject\",\"url\":\"http:\\\/\\\/www.cienciaforense.facmed.unam.mx\\\/wp-content\\\/uploads\\\/2015\\\/02\\\/mesa_redonda_ayotzinapa-300x225.jpg\",\"@id\":\"https:\\\/\\\/www.enacif.unam.mx\\\/?p=178\\\/#articleImage\"},\"datePublished\":\"2014-11-21T05:50:58+00:00\",\"dateModified\":\"2015-02-18T03:51:59+00:00\",\"inLanguage\":\"es-ES\",\"mainEntityOfPage\":{\"@id\":\"https:\\\/\\\/www.enacif.unam.mx\\\/?p=178#webpage\"},\"isPartOf\":{\"@id\":\"https:\\\/\\\/www.enacif.unam.mx\\\/?p=178#webpage\"},\"articleSection\":\"Sin categor\\u00eda, Eventos\"},{\"@type\":\"BreadcrumbList\",\"@id\":\"https:\\\/\\\/www.enacif.unam.mx\\\/?p=178#breadcrumblist\",\"itemListElement\":[{\"@type\":\"ListItem\",\"@id\":\"https:\\\/\\\/www.enacif.unam.mx#listItem\",\"position\":1,\"name\":\"Home\",\"item\":\"https:\\\/\\\/www.enacif.unam.mx\",\"nextItem\":{\"@type\":\"ListItem\",\"@id\":\"https:\\\/\\\/www.enacif.unam.mx\\\/?cat=1#listItem\",\"name\":\"Sin categor\\u00eda\"}},{\"@type\":\"ListItem\",\"@id\":\"https:\\\/\\\/www.enacif.unam.mx\\\/?cat=1#listItem\",\"position\":2,\"name\":\"Sin categor\\u00eda\",\"item\":\"https:\\\/\\\/www.enacif.unam.mx\\\/?cat=1\",\"nextItem\":{\"@type\":\"ListItem\",\"@id\":\"https:\\\/\\\/www.enacif.unam.mx\\\/?p=178#listItem\",\"name\":\"Mesa redonda \\u201cL\\u00edmites y Alcances de la Ciencia Forense en el caso Ayotzinapa\\u201d\"},\"previousItem\":{\"@type\":\"ListItem\",\"@id\":\"https:\\\/\\\/www.enacif.unam.mx#listItem\",\"name\":\"Home\"}},{\"@type\":\"ListItem\",\"@id\":\"https:\\\/\\\/www.enacif.unam.mx\\\/?p=178#listItem\",\"position\":3,\"name\":\"Mesa redonda \\u201cL\\u00edmites y Alcances de la Ciencia Forense en el caso Ayotzinapa\\u201d\",\"previousItem\":{\"@type\":\"ListItem\",\"@id\":\"https:\\\/\\\/www.enacif.unam.mx\\\/?cat=1#listItem\",\"name\":\"Sin categor\\u00eda\"}}]},{\"@type\":\"Organization\",\"@id\":\"https:\\\/\\\/www.enacif.unam.mx\\\/#organization\",\"name\":\"Escuela Nacional de Ciencias Forenses\",\"description\":\"Universidad Nacional Aut\\u00f3noma de M\\u00e9xico\",\"url\":\"https:\\\/\\\/www.enacif.unam.mx\\\/\"},{\"@type\":\"Person\",\"@id\":\"https:\\\/\\\/www.enacif.unam.mx\\\/?author=2#author\",\"url\":\"https:\\\/\\\/www.enacif.unam.mx\\\/?author=2\",\"name\":\"LCF\",\"image\":{\"@type\":\"ImageObject\",\"@id\":\"https:\\\/\\\/www.enacif.unam.mx\\\/?p=178#authorImage\",\"url\":\"https:\\\/\\\/secure.gravatar.com\\\/avatar\\\/fe250d73a79b5178adadebd944ff77000485dc091fb2eba5dab72f342eb5b60c?s=96&d=mm&r=g\",\"width\":96,\"height\":96,\"caption\":\"LCF\"}},{\"@type\":\"WebPage\",\"@id\":\"https:\\\/\\\/www.enacif.unam.mx\\\/?p=178#webpage\",\"url\":\"https:\\\/\\\/www.enacif.unam.mx\\\/?p=178\",\"name\":\"Mesa redonda \\u201cL\\u00edmites y Alcances de la Ciencia Forense en el caso Ayotzinapa\\u201d - Escuela Nacional de Ciencias Forenses\",\"description\":\"El pasado viernes 21 de noviembre a las 12:00 horas se llev\\u00f3 a cabo una mesa redonda en la que personal acad\\u00e9mico de la Licenciatura discuti\\u00f3 los l\\u00edmites y alcances de diferentes ciencias forenses en los hechos ocurridos en el caso Ayotzinapa. El objetivo de esta mesa redonda fue realizar una actividad did\\u00e1ctica conocida como\",\"inLanguage\":\"es-ES\",\"isPartOf\":{\"@id\":\"https:\\\/\\\/www.enacif.unam.mx\\\/#website\"},\"breadcrumb\":{\"@id\":\"https:\\\/\\\/www.enacif.unam.mx\\\/?p=178#breadcrumblist\"},\"author\":{\"@id\":\"https:\\\/\\\/www.enacif.unam.mx\\\/?author=2#author\"},\"creator\":{\"@id\":\"https:\\\/\\\/www.enacif.unam.mx\\\/?author=2#author\"},\"datePublished\":\"2014-11-21T05:50:58+00:00\",\"dateModified\":\"2015-02-18T03:51:59+00:00\"},{\"@type\":\"WebSite\",\"@id\":\"https:\\\/\\\/www.enacif.unam.mx\\\/#website\",\"url\":\"https:\\\/\\\/www.enacif.unam.mx\\\/\",\"name\":\"Escuela Nacional de Ciencias Forenses\",\"description\":\"Universidad Nacional Aut\\u00f3noma de M\\u00e9xico\",\"inLanguage\":\"es-ES\",\"publisher\":{\"@id\":\"https:\\\/\\\/www.enacif.unam.mx\\\/#organization\"}}]}\n\t\t<\/script>\n\t\t<!-- All in One SEO -->\n\n","aioseo_head_json":{"title":"Mesa redonda \u201cL\u00edmites y Alcances de la Ciencia Forense en el caso Ayotzinapa\u201d - Escuela Nacional de Ciencias Forenses","description":"El pasado viernes 21 de noviembre a las 12:00 horas se llev\u00f3 a cabo una mesa redonda en la que personal acad\u00e9mico de la Licenciatura discuti\u00f3 los l\u00edmites y alcances de diferentes ciencias forenses en los hechos ocurridos en el caso Ayotzinapa. El objetivo de esta mesa redonda fue realizar una actividad did\u00e1ctica conocida como","canonical_url":"https:\/\/www.enacif.unam.mx\/?p=178","robots":"max-image-preview:large","keywords":"","webmasterTools":{"miscellaneous":""},"schema":{"@context":"https:\/\/schema.org","@graph":[{"@type":"BlogPosting","@id":"https:\/\/www.enacif.unam.mx\/?p=178#blogposting","name":"Mesa redonda \u201cL\u00edmites y Alcances de la Ciencia Forense en el caso Ayotzinapa\u201d - Escuela Nacional de Ciencias Forenses","headline":"Mesa redonda \u201cL\u00edmites y Alcances de la Ciencia Forense en el caso Ayotzinapa\u201d","author":{"@id":"https:\/\/www.enacif.unam.mx\/?author=2#author"},"publisher":{"@id":"https:\/\/www.enacif.unam.mx\/#organization"},"image":{"@type":"ImageObject","url":"http:\/\/www.cienciaforense.facmed.unam.mx\/wp-content\/uploads\/2015\/02\/mesa_redonda_ayotzinapa-300x225.jpg","@id":"https:\/\/www.enacif.unam.mx\/?p=178\/#articleImage"},"datePublished":"2014-11-21T05:50:58+00:00","dateModified":"2015-02-18T03:51:59+00:00","inLanguage":"es-ES","mainEntityOfPage":{"@id":"https:\/\/www.enacif.unam.mx\/?p=178#webpage"},"isPartOf":{"@id":"https:\/\/www.enacif.unam.mx\/?p=178#webpage"},"articleSection":"Sin categor\u00eda, Eventos"},{"@type":"BreadcrumbList","@id":"https:\/\/www.enacif.unam.mx\/?p=178#breadcrumblist","itemListElement":[{"@type":"ListItem","@id":"https:\/\/www.enacif.unam.mx#listItem","position":1,"name":"Home","item":"https:\/\/www.enacif.unam.mx","nextItem":{"@type":"ListItem","@id":"https:\/\/www.enacif.unam.mx\/?cat=1#listItem","name":"Sin categor\u00eda"}},{"@type":"ListItem","@id":"https:\/\/www.enacif.unam.mx\/?cat=1#listItem","position":2,"name":"Sin categor\u00eda","item":"https:\/\/www.enacif.unam.mx\/?cat=1","nextItem":{"@type":"ListItem","@id":"https:\/\/www.enacif.unam.mx\/?p=178#listItem","name":"Mesa redonda \u201cL\u00edmites y Alcances de la Ciencia Forense en el caso Ayotzinapa\u201d"},"previousItem":{"@type":"ListItem","@id":"https:\/\/www.enacif.unam.mx#listItem","name":"Home"}},{"@type":"ListItem","@id":"https:\/\/www.enacif.unam.mx\/?p=178#listItem","position":3,"name":"Mesa redonda \u201cL\u00edmites y Alcances de la Ciencia Forense en el caso Ayotzinapa\u201d","previousItem":{"@type":"ListItem","@id":"https:\/\/www.enacif.unam.mx\/?cat=1#listItem","name":"Sin categor\u00eda"}}]},{"@type":"Organization","@id":"https:\/\/www.enacif.unam.mx\/#organization","name":"Escuela Nacional de Ciencias Forenses","description":"Universidad Nacional Aut\u00f3noma de M\u00e9xico","url":"https:\/\/www.enacif.unam.mx\/"},{"@type":"Person","@id":"https:\/\/www.enacif.unam.mx\/?author=2#author","url":"https:\/\/www.enacif.unam.mx\/?author=2","name":"LCF","image":{"@type":"ImageObject","@id":"https:\/\/www.enacif.unam.mx\/?p=178#authorImage","url":"https:\/\/secure.gravatar.com\/avatar\/fe250d73a79b5178adadebd944ff77000485dc091fb2eba5dab72f342eb5b60c?s=96&d=mm&r=g","width":96,"height":96,"caption":"LCF"}},{"@type":"WebPage","@id":"https:\/\/www.enacif.unam.mx\/?p=178#webpage","url":"https:\/\/www.enacif.unam.mx\/?p=178","name":"Mesa redonda \u201cL\u00edmites y Alcances de la Ciencia Forense en el caso Ayotzinapa\u201d - Escuela Nacional de Ciencias Forenses","description":"El pasado viernes 21 de noviembre a las 12:00 horas se llev\u00f3 a cabo una mesa redonda en la que personal acad\u00e9mico de la Licenciatura discuti\u00f3 los l\u00edmites y alcances de diferentes ciencias forenses en los hechos ocurridos en el caso Ayotzinapa. El objetivo de esta mesa redonda fue realizar una actividad did\u00e1ctica conocida como","inLanguage":"es-ES","isPartOf":{"@id":"https:\/\/www.enacif.unam.mx\/#website"},"breadcrumb":{"@id":"https:\/\/www.enacif.unam.mx\/?p=178#breadcrumblist"},"author":{"@id":"https:\/\/www.enacif.unam.mx\/?author=2#author"},"creator":{"@id":"https:\/\/www.enacif.unam.mx\/?author=2#author"},"datePublished":"2014-11-21T05:50:58+00:00","dateModified":"2015-02-18T03:51:59+00:00"},{"@type":"WebSite","@id":"https:\/\/www.enacif.unam.mx\/#website","url":"https:\/\/www.enacif.unam.mx\/","name":"Escuela Nacional de Ciencias Forenses","description":"Universidad Nacional Aut\u00f3noma de M\u00e9xico","inLanguage":"es-ES","publisher":{"@id":"https:\/\/www.enacif.unam.mx\/#organization"}}]},"og:locale":"es_ES","og:site_name":"Escuela Nacional de Ciencias Forenses - Universidad Nacional Aut\u00f3noma de M\u00e9xico","og:type":"article","og:title":"Mesa redonda \u201cL\u00edmites y Alcances de la Ciencia Forense en el caso Ayotzinapa\u201d - Escuela Nacional de Ciencias Forenses","og:description":"El pasado viernes 21 de noviembre a las 12:00 horas se llev\u00f3 a cabo una mesa redonda en la que personal acad\u00e9mico de la Licenciatura discuti\u00f3 los l\u00edmites y alcances de diferentes ciencias forenses en los hechos ocurridos en el caso Ayotzinapa. El objetivo de esta mesa redonda fue realizar una actividad did\u00e1ctica conocida como","og:url":"https:\/\/www.enacif.unam.mx\/?p=178","article:published_time":"2014-11-21T05:50:58+00:00","article:modified_time":"2015-02-18T03:51:59+00:00","twitter:card":"summary_large_image","twitter:title":"Mesa redonda \u201cL\u00edmites y Alcances de la Ciencia Forense en el caso Ayotzinapa\u201d - Escuela Nacional de Ciencias Forenses","twitter:description":"El pasado viernes 21 de noviembre a las 12:00 horas se llev\u00f3 a cabo una mesa redonda en la que personal acad\u00e9mico de la Licenciatura discuti\u00f3 los l\u00edmites y alcances de diferentes ciencias forenses en los hechos ocurridos en el caso Ayotzinapa. El objetivo de esta mesa redonda fue realizar una actividad did\u00e1ctica conocida como"},"aioseo_meta_data":{"post_id":"178","title":null,"description":null,"keywords":null,"keyphrases":null,"primary_term":null,"canonical_url":null,"og_title":null,"og_description":null,"og_object_type":"default","og_image_type":"default","og_image_url":null,"og_image_width":null,"og_image_height":null,"og_image_custom_url":null,"og_image_custom_fields":null,"og_video":null,"og_custom_url":null,"og_article_section":null,"og_article_tags":null,"twitter_use_og":false,"twitter_card":"default","twitter_image_type":"default","twitter_image_url":null,"twitter_image_custom_url":null,"twitter_image_custom_fields":null,"twitter_title":null,"twitter_description":null,"schema":{"blockGraphs":[],"customGraphs":[],"default":{"data":{"Article":[],"Course":[],"Dataset":[],"FAQPage":[],"Movie":[],"Person":[],"Product":[],"ProductReview":[],"Car":[],"Recipe":[],"Service":[],"SoftwareApplication":[],"WebPage":[]},"graphName":"","isEnabled":true},"graphs":[]},"schema_type":"default","schema_type_options":null,"pillar_content":false,"robots_default":true,"robots_noindex":false,"robots_noarchive":false,"robots_nosnippet":false,"robots_nofollow":false,"robots_noimageindex":false,"robots_noodp":false,"robots_notranslate":false,"robots_max_snippet":null,"robots_max_videopreview":null,"robots_max_imagepreview":"large","priority":null,"frequency":null,"local_seo":null,"breadcrumb_settings":null,"limit_modified_date":false,"ai":null,"created":"2023-11-14 22:26:33","updated":"2025-08-09 01:11:52","seo_analyzer_scan_date":null},"aioseo_breadcrumb":"<div class=\"aioseo-breadcrumbs\"><span class=\"aioseo-breadcrumb\">\n\t\t\t<a href=\"https:\/\/www.enacif.unam.mx\" title=\"Home\">Home<\/a>\n\t\t<\/span><span class=\"aioseo-breadcrumb-separator\">&raquo;<\/span><span class=\"aioseo-breadcrumb\">\n\t\t\t<a href=\"https:\/\/www.enacif.unam.mx\/?cat=1\" title=\"Sin categor\u00eda\">Sin categor\u00eda<\/a>\n\t\t<\/span><span class=\"aioseo-breadcrumb-separator\">&raquo;<\/span><span class=\"aioseo-breadcrumb\">\n\t\t\tMesa redonda \u201cL\u00edmites y Alcances de la Ciencia Forense en el caso Ayotzinapa\u201d\n\t\t<\/span><\/div>","aioseo_breadcrumb_json":[{"label":"Home","link":"https:\/\/www.enacif.unam.mx"},{"label":"Sin categor\u00eda","link":"https:\/\/www.enacif.unam.mx\/?cat=1"},{"label":"Mesa redonda \u201cL\u00edmites y Alcances de la Ciencia Forense en el caso Ayotzinapa\u201d","link":"https:\/\/www.enacif.unam.mx\/?p=178"}],"_links":{"self":[{"href":"https:\/\/www.enacif.unam.mx\/index.php?rest_route=\/wp\/v2\/posts\/178","targetHints":{"allow":["GET"]}}],"collection":[{"href":"https:\/\/www.enacif.unam.mx\/index.php?rest_route=\/wp\/v2\/posts"}],"about":[{"href":"https:\/\/www.enacif.unam.mx\/index.php?rest_route=\/wp\/v2\/types\/post"}],"author":[{"embeddable":true,"href":"https:\/\/www.enacif.unam.mx\/index.php?rest_route=\/wp\/v2\/users\/2"}],"replies":[{"embeddable":true,"href":"https:\/\/www.enacif.unam.mx\/index.php?rest_route=%2Fwp%2Fv2%2Fcomments&post=178"}],"version-history":[{"count":4,"href":"https:\/\/www.enacif.unam.mx\/index.php?rest_route=\/wp\/v2\/posts\/178\/revisions"}],"predecessor-version":[{"id":359,"href":"https:\/\/www.enacif.unam.mx\/index.php?rest_route=\/wp\/v2\/posts\/178\/revisions\/359"}],"wp:attachment":[{"href":"https:\/\/www.enacif.unam.mx\/index.php?rest_route=%2Fwp%2Fv2%2Fmedia&parent=178"}],"wp:term":[{"taxonomy":"category","embeddable":true,"href":"https:\/\/www.enacif.unam.mx\/index.php?rest_route=%2Fwp%2Fv2%2Fcategories&post=178"},{"taxonomy":"post_tag","embeddable":true,"href":"https:\/\/www.enacif.unam.mx\/index.php?rest_route=%2Fwp%2Fv2%2Ftags&post=178"}],"curies":[{"name":"wp","href":"https:\/\/api.w.org\/{rel}","templated":true}]}}